{"@context":"https:\/\/schema.org\/","@type":"CollectionPage","@id":"https:\/\/www.urex.cz\/cestovani\/#CollectionPage","headline":"Cestov\u00e1n\u00ed Category","description":"","url":"https:\/\/www.urex.cz\/cestovani\/","hasPart":[{"@type":"Article","@id":"https:\/\/www.urex.cz\/co-kdyz-se-clovek-rozhodne-cestovat-po-svete-sam\/","headline":"Co kdy\u017e se \u010dlov\u011bk rozhodne cestovat po sv\u011bt\u011b s\u00e1m?","url":"https:\/\/www.urex.cz\/co-kdyz-se-clovek-rozhodne-cestovat-po-svete-sam\/","datePublished":"2023-02-12","dateModified":"2023-05-04","mainEntityOfPage":"https:\/\/www.urex.cz\/co-kdyz-se-clovek-rozhodne-cestovat-po-svete-sam\/","author":{"@type":"Person","@id":"https:\/\/www.urex.cz\/author\/#Person","name":"","url":"https:\/\/www.urex.cz\/author\/","identifier":1,"image":{"@type":"ImageObject","@id":"https:\/\/secure.gravatar.com\/avatar\/232437c79d6ebbb41eb67b1526ce0bc08ee5047d6b1594dc05abcc3258d8e0b3?s=96&d=mm&r=g","url":"https:\/\/secure.gravatar.com\/avatar\/232437c79d6ebbb41eb67b1526ce0bc08ee5047d6b1594dc05abcc3258d8e0b3?s=96&d=mm&r=g","height":96,"width":96}},"publisher":{"@type":"Organization","name":"urex.cz","logo":{"@type":"ImageObject","@id":"\/logo.png","url":"\/logo.png","width":600,"height":60}},"image":{"@type":"ImageObject","@id":"https:\/\/www.urex.cz\/wp-content\/uploads\/ces_7.JPG","url":"https:\/\/www.urex.cz\/wp-content\/uploads\/ces_7.JPG","height":0,"width":0},"keywords":null},{"@type":"Article","@id":"https:\/\/www.urex.cz\/necekejme-a-zmizme\/","headline":"Ne\u010dekejme a zmizme","url":"https:\/\/www.urex.cz\/necekejme-a-zmizme\/","datePublished":"2022-11-10","dateModified":"2023-07-10","mainEntityOfPage":"https:\/\/www.urex.cz\/necekejme-a-zmizme\/","author":{"@type":"Person","@id":"https:\/\/www.urex.cz\/author\/#Person","name":"","url":"https:\/\/www.urex.cz\/author\/","identifier":1,"image":{"@type":"ImageObject","@id":"https:\/\/secure.gravatar.com\/avatar\/232437c79d6ebbb41eb67b1526ce0bc08ee5047d6b1594dc05abcc3258d8e0b3?s=96&d=mm&r=g","url":"https:\/\/secure.gravatar.com\/avatar\/232437c79d6ebbb41eb67b1526ce0bc08ee5047d6b1594dc05abcc3258d8e0b3?s=96&d=mm&r=g","height":96,"width":96}},"publisher":{"@type":"Organization","name":"urex.cz","logo":{"@type":"ImageObject","@id":"\/logo.png","url":"\/logo.png","width":600,"height":60}},"image":{"@type":"ImageObject","@id":"https:\/\/www.urex.cz\/wp-content\/uploads\/c_10.jpg","url":"https:\/\/www.urex.cz\/wp-content\/uploads\/c_10.jpg","height":0,"width":0},"keywords":null},{"@type":"Article","@id":"https:\/\/www.urex.cz\/prodlouzeny-vikend\/","headline":"Prodlou\u017een\u00fd v\u00edkend","url":"https:\/\/www.urex.cz\/prodlouzeny-vikend\/","datePublished":"2022-11-09","dateModified":"2023-05-10","mainEntityOfPage":"https:\/\/www.urex.cz\/prodlouzeny-vikend\/","author":{"@type":"Person","@id":"https:\/\/www.urex.cz\/author\/#Person","name":"","url":"https:\/\/www.urex.cz\/author\/","identifier":1,"image":{"@type":"ImageObject","@id":"https:\/\/secure.gravatar.com\/avatar\/232437c79d6ebbb41eb67b1526ce0bc08ee5047d6b1594dc05abcc3258d8e0b3?s=96&d=mm&r=g","url":"https:\/\/secure.gravatar.com\/avatar\/232437c79d6ebbb41eb67b1526ce0bc08ee5047d6b1594dc05abcc3258d8e0b3?s=96&d=mm&r=g","height":96,"width":96}},"publisher":{"@type":"Organization","name":"urex.cz","logo":{"@type":"ImageObject","@id":"\/logo.png","url":"\/logo.png","width":600,"height":60}},"image":{"@type":"ImageObject","@id":"https:\/\/www.urex.cz\/wp-content\/uploads\/car-2359570_640_1.jpg","url":"https:\/\/www.urex.cz\/wp-content\/uploads\/car-2359570_640_1.jpg","height":0,"width":0},"keywords":null}]}