[{"@context":"https:\/\/schema.org\/","@type":"Article","@id":"https:\/\/www.urex.cz\/lepsi-spolecnost-lidi\/#Article","mainEntityOfPage":"https:\/\/www.urex.cz\/lepsi-spolecnost-lidi\/","headline":"Lep\u0161\u00ed spole\u010dnost lid\u00ed","name":"Lep\u0161\u00ed spole\u010dnost lid\u00ed","description":"V\u0161ichni v\u00edme, \u017ee ka\u017ed\u00fd \u010dlov\u011bk je sv\u00fdm zp\u016fsobem spole\u010densk\u00fd. A proto \u017eivot ve spole\u010dnosti p\u0159\u00edjemn\u00fdch lid\u00ed je velice d\u016fle\u017eit\u00fd. Proto\u017ee j\u00e1 si vzpom\u00edn\u00e1m, kdy\u017e jsem jednou trp\u011bla depresemi, tak jsem ani kolem sebe nem\u011bla \u017e\u00e1dn\u00e9 p\u0159\u00e1tele. A vy si mo\u017en\u00e1 \u0159\u00edk\u00e1te, \u017ee kdy\u017e n\u011bkdo nech\u00e1 n\u011bkoho ve stresu a nepom\u016f\u017ee mu, tak to v\u016fbec nejsou [&hellip;]","datePublished":"2022-11-25","dateModified":"2023-04-25","author":{"@type":"Person","@id":"https:\/\/www.urex.cz\/author\/#Person","name":"","url":"https:\/\/www.urex.cz\/author\/","identifier":1,"image":{"@type":"ImageObject","@id":"https:\/\/secure.gravatar.com\/avatar\/232437c79d6ebbb41eb67b1526ce0bc08ee5047d6b1594dc05abcc3258d8e0b3?s=96&d=mm&r=g","url":"https:\/\/secure.gravatar.com\/avatar\/232437c79d6ebbb41eb67b1526ce0bc08ee5047d6b1594dc05abcc3258d8e0b3?s=96&d=mm&r=g","height":96,"width":96}},"publisher":{"@type":"Organization","name":"urex.cz","logo":{"@type":"ImageObject","@id":"\/logo.png","url":"\/logo.png","width":600,"height":60}},"image":{"@type":"ImageObject","@id":"https:\/\/www.urex.cz\/wp-content\/uploads\/people-3163556_960_720_1.jpg","url":"https:\/\/www.urex.cz\/wp-content\/uploads\/people-3163556_960_720_1.jpg","height":0,"width":0},"url":"https:\/\/www.urex.cz\/lepsi-spolecnost-lidi\/","about":["Spole\u010dnost"],"wordCount":427,"articleBody":"V\u0161ichni v\u00edme, \u017ee ka\u017ed\u00fd \u010dlov\u011bk je sv\u00fdm zp\u016fsobem spole\u010densk\u00fd. A proto \u017eivot ve spole\u010dnosti p\u0159\u00edjemn\u00fdch lid\u00ed je velice d\u016fle\u017eit\u00fd. Proto\u017ee j\u00e1 si vzpom\u00edn\u00e1m, kdy\u017e jsem jednou trp\u011bla depresemi, tak jsem ani kolem sebe nem\u011bla \u017e\u00e1dn\u00e9 p\u0159\u00e1tele. A vy si mo\u017en\u00e1 \u0159\u00edk\u00e1te, \u017ee kdy\u017e n\u011bkdo nech\u00e1 n\u011bkoho ve stresu a nepom\u016f\u017ee mu, tak to v\u016fbec nejsou p\u0159\u00e1tel\u00e9 anebo rodina. A j\u00e1 s v\u00e1mi souhlas\u00edm, ale zase na druhou stranu mus\u00edm uznat a p\u0159iznat se, \u017ee j\u00e1 jsem vlastn\u011b nikdy \u017e\u00e1dn\u00e9 p\u0159\u00e1tel\u00e9 skoro nem\u011bla. M\u011bla jsem pouze cel\u00fd \u017eivot dv\u011b nejlep\u0161\u00ed kamar\u00e1dky a jednoho kamar\u00e1da, ale kamar\u00e1d bohu\u017eel p\u0159ed osmi lety zem\u0159el a moje dv\u011b nejlep\u0161\u00ed kamar\u00e1dky, tak ty se ka\u017ed\u00e1 vdaly a potom se odst\u011bhovaly do jin\u00e9ho m\u011bsta, kter\u00e9 bylo minim\u00e1ln\u011b sedmdes\u00e1t kilometr\u016f vzd\u00e1len\u00e9. Tak\u017ee jsme se potom p\u0159est\u00e1vali v\u00eddat m\u00e9n\u011b a m\u00e9n\u011b. A sice se tak\u00a0t\u0159ikr\u00e1t\u00a0ro\u010dn\u011b se nav\u0161t\u00edv\u00edme, kdy potom u sebe tak\u00e9 p\u0159esp\u00edme, ale takov\u00e1 spole\u010dnost mi absolutn\u011b nesta\u010d\u00ed. Proto\u017ee d\u0159\u00edve jsem byla zvykl\u00e1 na takovou spole\u010dnost, kde mi bylo opravdu p\u0159\u00edjemn\u011b. S kamar\u00e1dkami i s kamar\u00e1dem jsme v\u0161ichni chodili do restaurac\u00ed, proto\u017ee jsme bydleli vlastn\u011b v\u0161ichni na jedn\u00e9 ulici. Akor\u00e1t kamar\u00e1d bydlel o dv\u011b ulice d\u00e1l. Tak\u017ee jsme se v\u00eddali opravdu skoro ka\u017ed\u00fd den a bylo n\u00e1m prima. A v\u011b\u0159te mi, \u017ee kdy\u017e \u010dlov\u011bk vyr\u016fst\u00e1 ve skv\u011bl\u00e9 spole\u010dnosti, tak je potom v\u00edce klidn\u011bj\u0161\u00ed a je v\u00edce veselej\u0161\u00ed. A potom, kdy\u017e jsem p\u0159i\u0161la o sv\u00e9 p\u0159\u00e1tele, tak jsem z toho byla velice smutn\u00e1. Na\u0161t\u011bst\u00ed jsem si na\u0161la v pr\u00e1ci jednu kolegyni, se kterou ob\u010das zajdeme na k\u00e1vu a na ob\u011bd, tak\u017ee jsem opravdu r\u00e1da, \u017ee m\u00e1m zase n\u011bjakou sp\u0159\u00edzn\u011bnou du\u0161i. \u017divot ve spole\u010dnosti pro m\u011b je opravdu lep\u0161\u00ed ne\u017e \u017eivot o samot\u011b. A jak\u00a0sn\u00e1\u0161\u00edte\u00a0samotu\u00a0t\u0159eba vy? Nebo\u00a0taky\u00a0m\u00e1te rad\u011bji spole\u010dnost skv\u011bl\u00fdch lid\u00ed? Mysl\u00edm\u00a0si, \u017ee\u00a0taky\u00a0n\u011bkdo m\u00e1 r\u00e1d\u00a0samotu,\u00a0ale\u00a0v\u011bt\u0161ina lid\u00ed nechce b\u00fdt samo. \u010clov\u011bk je od p\u0159\u00edrody tvor spole\u010densk\u00fd.                                                                                                                                                                                                                                                                                                                                                                                                "},{"@context":"https:\/\/schema.org\/","@type":"BreadcrumbList","itemListElement":[{"@type":"ListItem","position":1,"name":"Lep\u0161\u00ed spole\u010dnost lid\u00ed","item":"https:\/\/www.urex.cz\/lepsi-spolecnost-lidi\/#breadcrumbitem"}]}]