[{"@context":"https:\/\/schema.org\/","@type":"Article","@id":"https:\/\/www.urex.cz\/leto\/#Article","mainEntityOfPage":"https:\/\/www.urex.cz\/leto\/","headline":"L\u00e9to","name":"L\u00e9to","description":"V na\u0161ich zem\u00edch m\u00e1me prakticky celoro\u010dn\u011b zimu, proto\u017ee jsme v m\u00edrn\u00e9m p\u00e1se, kde sice nem\u00e1me tak ukrutn\u00e9 zimy, jak maj\u00ed n\u011bkde jinde na sv\u011bt\u011b, m\u00e1me v\u0161ak celkem zimu v porovn\u00e1n\u00ed se zem\u011bmi, kam jezd\u00edme na dovolenou, m\u00e1me hold celoro\u010dn\u011b jen chladn\u00e9 po\u010das\u00ed, a tak se t\u011b\u0161\u00edme alespo\u0148 na t\u011bch p\u00e1r m\u011bs\u00edc\u016f v roce, kdy m\u016f\u017eeme [&hellip;]","datePublished":"2022-10-16","dateModified":"2022-10-16","author":{"@type":"Person","@id":"https:\/\/www.urex.cz\/author\/#Person","name":"","url":"https:\/\/www.urex.cz\/author\/","identifier":1,"image":{"@type":"ImageObject","@id":"https:\/\/secure.gravatar.com\/avatar\/232437c79d6ebbb41eb67b1526ce0bc08ee5047d6b1594dc05abcc3258d8e0b3?s=96&d=mm&r=g","url":"https:\/\/secure.gravatar.com\/avatar\/232437c79d6ebbb41eb67b1526ce0bc08ee5047d6b1594dc05abcc3258d8e0b3?s=96&d=mm&r=g","height":96,"width":96}},"publisher":{"@type":"Organization","name":"urex.cz","logo":{"@type":"ImageObject","@id":"\/logo.png","url":"\/logo.png","width":600,"height":60}},"image":{"@type":"ImageObject","@id":"https:\/\/www.urex.cz\/wp-content\/uploads\/kv%C4%9Btovan%C3%A9%20%C5%A1aty_4.jpg","url":"https:\/\/www.urex.cz\/wp-content\/uploads\/kv%C4%9Btovan%C3%A9%20%C5%A1aty_4.jpg","height":0,"width":0},"url":"https:\/\/www.urex.cz\/leto\/","about":["Zbo\u017e\u00ed"],"wordCount":450,"articleBody":"   V na\u0161ich zem\u00edch m\u00e1me prakticky celoro\u010dn\u011b zimu, proto\u017ee jsme v m\u00edrn\u00e9m p\u00e1se, kde sice nem\u00e1me tak ukrutn\u00e9 zimy, jak maj\u00ed n\u011bkde jinde na sv\u011bt\u011b, m\u00e1me v\u0161ak celkem zimu v porovn\u00e1n\u00ed se zem\u011bmi, kam jezd\u00edme na dovolenou, m\u00e1me hold celoro\u010dn\u011b jen chladn\u00e9 po\u010das\u00ed, a tak se t\u011b\u0161\u00edme alespo\u0148 na t\u011bch p\u00e1r m\u011bs\u00edc\u016f v roce, kdy m\u016f\u017eeme odhodit bundy a kab\u00e1ty a nebude n\u00e1m p\u0159itom zima. Odhodit je samoz\u0159ejm\u011b m\u016f\u017eeme i jindy p\u0159es rok, ale asi bychom takhle nevydr\u017eeli d\u00e9le ne\u017e p\u011bt minut. T\u011b\u0161\u00edme se na l\u00e9to, proto\u017ee n\u00e1s zima u\u017e nebav\u00ed a v l\u00e9t\u011b je v\u0161echno jin\u00e9. Lid\u00e9 se na sebe usm\u00edvaj\u00ed, proto\u017ee na n\u011b sv\u00edt\u00ed slun\u00ed\u010dko a nabij\u00ed je to energi\u00ed, maj\u00ed v\u0161ichni dobrou n\u00e1ladu, \u017eeny jsou \u0161\u0165astn\u00e9, proto\u017ee kone\u010dn\u011b mohou vyt\u00e1hnout kousky, kter\u00e9 si koupily a nebude jim i p\u0159i tom zima, nav\u00edc m\u016f\u017eeme chodit k vod\u011b, n\u011bkdo op\u011bt zprovozn\u00ed baz\u00e9n, co m\u00e1 na zahrad\u011b, lid\u00e9 spolu chod\u00ed na v\u00fdlety, proto\u017ee jim venku kone\u010dn\u011b nen\u00ed zima a podobn\u011b. J\u00edt na v\u00fdlet v zim\u011b je trochu omezuj\u00edc\u00ed a mus\u00edte se dob\u0159e obl\u00e9ct, zat\u00edmco v\u00fdlet v l\u00e9t\u011b je opravdu super a nic v\u00e1s neomezuje. Tak\u00e9 si m\u016f\u017eete zaj\u00edt nap\u0159\u00edklad na piknik a podobn\u011b, nic v\u00e1s prost\u011b neomezuje a lid\u00e9 se na to cel\u00fd rok t\u011b\u0161\u00ed.Zase zimu si spojujeme s V\u00e1noci a obdob\u00edm klidu, kdy krom\u011b blb\u00fdch h\u00e1dek, kter\u00e9 m\u00e1 v rodin\u011b ka\u017ed\u00fd jsou na sebe lid\u00e9 hodn\u00ed a d\u00e1vaj\u00ed si d\u00e1rky, dob\u0159e se naj\u00ed, proto\u017ee se pe\u010de cukrov\u00ed a tak\u00e9 je v\u0161echno n\u00e1dhern\u011b ozdobeno a ta atmosf\u00e9ra je celkov\u011b \u00fapln\u011b jin\u00e1 n\u011b\u017e po cel\u00fd rok. Toto zase l\u00e9to nevynahrad\u00ed, tak\u017ee je to fifty fifty. Co ale lidem na zim\u011b vad\u00ed je to, \u017ee je jen zima a sn\u00edh nikde. V\u011bt\u0161inou sn\u00edh nen\u00ed ani v onen ve\u010der, kdy bychom cht\u011bli, aby byl, a to je smutn\u00e9. U\u017e dlouho nenapadl po\u0159\u00e1dn\u00ed sn\u00edh. Lid\u00e9 mus\u00ed nosit bundy jen tak. Ale v l\u00e9t\u011b se lid\u00e9 mohou vy\u0159\u00e1dit a nosit opravdu kr\u00e1sn\u00e9 v\u011bci, \u017eeny vyt\u00e1hnou sv\u00e9 maxi letn\u00ed \u0161aty a klobouk a jede se. To je to, na co se v\u0161ichni t\u011b\u0161\u00ed. Na to, a\u017e kone\u010dn\u011b nebudou muset b\u00fdt zabaleni jako larva.                                                                                                                                                                                                                                                                                                                                                                                                  "},{"@context":"https:\/\/schema.org\/","@type":"BreadcrumbList","itemListElement":[{"@type":"ListItem","position":1,"name":"L\u00e9to","item":"https:\/\/www.urex.cz\/leto\/#breadcrumbitem"}]}]