[{"@context":"https:\/\/schema.org\/","@type":"Article","@id":"https:\/\/www.urex.cz\/novy-interier\/#Article","mainEntityOfPage":"https:\/\/www.urex.cz\/novy-interier\/","headline":"Nov\u00fd interi\u00e9r","name":"Nov\u00fd interi\u00e9r","description":"Tak\u00e9 v\u00e1s napadlo, \u017ee byste si nechali ud\u011blat n\u011bjak\u00fd kvalitn\u00ed n\u00e1vrh interi\u00e9ru? T\u0159eba m\u00e1te takov\u00fd interi\u00e9r, kter\u00fd v\u00e1s u\u017e dlouho nebav\u00ed a cht\u011bli byste n\u011bjakou zm\u011bnu. Takovou zm\u011bnu, kter\u00e1 by v\u00e1s pot\u011b\u0161ila. J\u00e1 si mysl\u00edm, \u017ee je opravdu hodn\u011b lid\u00ed, kte\u0159\u00ed u\u017e p\u0159em\u00fd\u0161leli nad t\u00edm, \u017ee by si tak\u00e9 pozvali na pomoc n\u011bjak\u00e9ho bytov\u00e9ho architekta [&hellip;]","datePublished":"2024-04-16","dateModified":"2024-06-10","author":{"@type":"Person","@id":"https:\/\/www.urex.cz\/author\/#Person","name":"","url":"https:\/\/www.urex.cz\/author\/","identifier":1,"image":{"@type":"ImageObject","@id":"https:\/\/secure.gravatar.com\/avatar\/232437c79d6ebbb41eb67b1526ce0bc08ee5047d6b1594dc05abcc3258d8e0b3?s=96&d=mm&r=g","url":"https:\/\/secure.gravatar.com\/avatar\/232437c79d6ebbb41eb67b1526ce0bc08ee5047d6b1594dc05abcc3258d8e0b3?s=96&d=mm&r=g","height":96,"width":96}},"publisher":{"@type":"Organization","name":"urex.cz","logo":{"@type":"ImageObject","@id":"\/logo.png","url":"\/logo.png","width":600,"height":60}},"image":{"@type":"ImageObject","@id":"https:\/\/www.urex.cz\/wp-content\/uploads\/architecture-2576906_960_720.jpg","url":"https:\/\/www.urex.cz\/wp-content\/uploads\/architecture-2576906_960_720.jpg","height":0,"width":0},"url":"https:\/\/www.urex.cz\/novy-interier\/","about":["Byt a d\u016fm"],"wordCount":440,"articleBody":"   Tak\u00e9 v\u00e1s napadlo, \u017ee byste si nechali ud\u011blat n\u011bjak\u00fd kvalitn\u00ed n\u00e1vrh interi\u00e9ru? T\u0159eba m\u00e1te takov\u00fd interi\u00e9r, kter\u00fd v\u00e1s u\u017e dlouho nebav\u00ed a cht\u011bli byste n\u011bjakou zm\u011bnu. Takovou zm\u011bnu, kter\u00e1 by v\u00e1s pot\u011b\u0161ila. J\u00e1 si mysl\u00edm, \u017ee je opravdu hodn\u011b lid\u00ed, kte\u0159\u00ed u\u017e p\u0159em\u00fd\u0161leli nad t\u00edm, \u017ee by si tak\u00e9 pozvali na pomoc n\u011bjak\u00e9ho bytov\u00e9ho architekta anebo bytov\u00e9ho design\u00e9ra. Jenom\u017ee tak\u00e9 mnoho lid\u00ed si mysl\u00ed, \u017ee to bude st\u00e1t opravdu hodn\u011b pen\u011bz. Tohle ale nen\u00ed pravda. Pokud si t\u0159eba vezmete n\u011bjak\u00e9ho \u010derstv\u00e9ho absolventa anebo studenta, tak samoz\u0159ejm\u011b \u017ee v\u00e1m d\u00e1 t\u0159eba i \u0161edes\u00e1tiprocentn\u00ed slevu. Podle m\u00e9ho n\u00e1zoru, tohle by byla \u0161koda zase nevyu\u017e\u00edt. N\u00e1vrhy bytov\u00fdch interi\u00e9r\u016f https:\/\/bydesign.cz\/ se\u017eenete nap\u0159\u00edklad na webov\u00e9 str\u00e1nce bydesign.cz. N\u00e1vrhy bytov\u00fdch interi\u00e9r\u016f se v\u00e1m vyplat\u00ed, pokud t\u0159eba je\u0161t\u011b nem\u00e1te v\u016fbec nic za\u0159\u00edzen\u00e9ho a chcete pomoc. Nebo pokud m\u00e1te u\u017e n\u011bco \u00fapln\u011b stejn\u00e9ho deset let, nem\u00e1te s t\u00edm hnut\u00e9 a cht\u011bli byste po\u0159\u00e1dnou  https:\/\/www.zabavahornik.cz\/cs\/clanek\/nerf-hriste-v-provozu-prijd-si-zahrat-poradnou-bitvu-v-super-arene-38 zm\u011bnu. J\u00e1 si mysl\u00edm, \u017ee zku\u0161en\u00fd architekt nebo design\u00e9r v\u00e1m s t\u00edmhle pom\u016f\u017ee a ud\u011bl\u00e1 v\u00e1\u017en\u011b z\u00e1zraky. Pokud tak\u00e9 budete cht\u00edt a jste manu\u00e1ln\u011b zru\u010dn\u00ed, tak tak\u00e9 m\u016f\u017eete ud\u011blat n\u011bjak\u00fd n\u00e1vrh nebo n\u00e1\u010drt a uk\u00e1zat to potom design\u00e9rovi anebo architektovi. On si z toho vezme p\u0159\u00edklad a ur\u010dit\u011b v\u00e1m nab\u00eddne n\u011bco, co bude nejbl\u00ed\u017ee odpov\u00eddat va\u0161im p\u0159edstav\u00e1m. J\u00e1 sama jsem partnerovi \u0159ekla, \u017ee bych tak\u00e9 cht\u011bla vyu\u017e\u00edt bytov\u00e9ho design\u00e9ra anebo bytov\u00e9ho architekta, aby n\u00e1m navrhl kuchyni a ob\u00fdv\u00e1k. P\u0159ece tyto dv\u011b m\u00edstnosti jsou ob\u00fdvan\u00e9 nejv\u00edce. Do ob\u00fdvac\u00edho pokoje tak\u00e9 chod\u00ed n\u00e1v\u0161t\u011bvy, a proto si mysl\u00edm, \u017ee kdy\u017e bude ob\u00fdvac\u00ed pokoj opravdu kr\u00e1sn\u011b za\u0159\u00edzen\u00fd a ud\u011blan\u00fd, tak to tak\u00e9 bude h\u00e1zet lep\u0161\u00ed dojem a bude to v\u00edce p\u0159\u00edjemn\u011bj\u0161\u00ed. M\u00e1m r\u00e1da upraven\u00e9 m\u00edstnosti, kde to v\u0161echno k sob\u011b lad\u00ed. Tak\u00e9 nav\u00edc m\u00e1m r\u00e1da minimalismus, tak\u017ee tohle bych tak\u00e9 zm\u00ednila bytov\u00e9mu i interi\u00e9rov\u00e9mu architektu. Tak nev\u00e1hejte a kontaktujte ho i vy, ur\u010dit\u011b v\u00e1m skv\u011ble porad\u00ed.                                                                                                                                                                                                                                                                                                                                                                                                  "},{"@context":"https:\/\/schema.org\/","@type":"BreadcrumbList","itemListElement":[{"@type":"ListItem","position":1,"name":"Nov\u00fd interi\u00e9r","item":"https:\/\/www.urex.cz\/novy-interier\/#breadcrumbitem"}]}]