[{"@context":"https:\/\/schema.org\/","@type":"Article","@id":"https:\/\/www.urex.cz\/novy-sklenik-na-zahradu\/#Article","mainEntityOfPage":"https:\/\/www.urex.cz\/novy-sklenik-na-zahradu\/","headline":"Nov\u00fd sklen\u00edk na zahradu","name":"Nov\u00fd sklen\u00edk na zahradu","description":"Je to u\u017e opravdu hodn\u011b dlouho, kdy mi moje babi\u010dka \u0159ekla, \u017ee by si p\u0159\u00e1la m\u00edt na zahrad\u011b n\u011bjak\u00fd kr\u00e1sn\u00fd sklen\u00edk. V\u016fbec jsem nev\u011bd\u011bla, kde takov\u00fd kr\u00e1sn\u00fd sklen\u00edk se\u017eenu. Chodila jsem v\u0161ude do obchod\u016f, anebo tak\u00e9 do zahr\u00e1dk\u00e1\u0159sk\u00fdch pot\u0159eb, aby zjistila, kde koup\u00edm sklen\u00edk. Ale aby nebyl tak\u00e9 drah\u00fd. Moje kamar\u00e1dka mi doporu\u010dila webov\u00e9 str\u00e1nky [&hellip;]","datePublished":"2024-09-17","dateModified":"2024-09-17","author":{"@type":"Person","@id":"https:\/\/www.urex.cz\/author\/#Person","name":"","url":"https:\/\/www.urex.cz\/author\/","identifier":1,"image":{"@type":"ImageObject","@id":"https:\/\/secure.gravatar.com\/avatar\/232437c79d6ebbb41eb67b1526ce0bc08ee5047d6b1594dc05abcc3258d8e0b3?s=96&d=mm&r=g","url":"https:\/\/secure.gravatar.com\/avatar\/232437c79d6ebbb41eb67b1526ce0bc08ee5047d6b1594dc05abcc3258d8e0b3?s=96&d=mm&r=g","height":96,"width":96}},"publisher":{"@type":"Organization","name":"urex.cz","logo":{"@type":"ImageObject","@id":"\/logo.png","url":"\/logo.png","width":600,"height":60}},"image":{"@type":"ImageObject","@id":"https:\/\/www.urex.cz\/wp-content\/uploads\/greenhouse-3247271_960_720.jpg","url":"https:\/\/www.urex.cz\/wp-content\/uploads\/greenhouse-3247271_960_720.jpg","height":0,"width":0},"url":"https:\/\/www.urex.cz\/novy-sklenik-na-zahradu\/","about":["Zbo\u017e\u00ed"],"wordCount":422,"articleBody":"   Je to u\u017e opravdu hodn\u011b dlouho, kdy mi moje babi\u010dka \u0159ekla, \u017ee by si p\u0159\u00e1la m\u00edt na zahrad\u011b n\u011bjak\u00fd kr\u00e1sn\u00fd sklen\u00edk. V\u016fbec jsem nev\u011bd\u011bla, kde takov\u00fd kr\u00e1sn\u00fd sklen\u00edk se\u017eenu. Chodila jsem v\u0161ude do obchod\u016f, anebo tak\u00e9 do zahr\u00e1dk\u00e1\u0159sk\u00fdch pot\u0159eb, aby zjistila, kde koup\u00edm sklen\u00edk. Ale aby nebyl tak\u00e9 drah\u00fd. Moje kamar\u00e1dka mi doporu\u010dila webov\u00e9 str\u00e1nky skleniky.eu. Tam pr\u00fd se\u017eenu opravdu kr\u00e1sn\u00e9 zahradn\u00ed sklen\u00edky. Zahradn\u00ed sklen\u00edky jsem na zm\u00edn\u011bn\u00e9m webu opravdu na\u0161la a byly opravdu kr\u00e1sn\u00e9. A mus\u00edm uznat, \u017ee dokonce i cenov\u00e1 relace t\u011bchto zahradn\u00edch kr\u00e1sn\u00fdch sklen\u00edk\u016f byla opravdu p\u0159\u00edjemn\u00e1. Cena byla v\u00e1\u017en\u011b p\u0159ijateln\u00e1, a tak jsem si n\u011bkter\u00e9 ofotila, abych babi\u010dce uk\u00e1zala, kter\u00fd zahradn\u00ed sklen\u00edk by se j\u00ed nejv\u00edce l\u00edbil. Bylo opravdu prima, \u017ee babi\u010dce se l\u00edbil opravdu ka\u017ed\u00fd sklen\u00edk. Tak\u017ee to nakonec dopadlo tak, \u017ee moje babi\u010dka mi \u0159ekla, a\u0165 j\u00e1 za ni vyberu n\u011bjak\u00fd kr\u00e1sn\u00fd zahradn\u00ed sklen\u00edk, \u017ee ona mi ho potom zaplat\u00ed. Nakonec to ale dopadlo tak, \u017ee babi\u010dka vlastn\u011b m\u011bla narozeniny. Tak jsem se j\u00e1 s bratrem a se sestrou v\u0161ichni slo\u017eili a babi\u010dce jsme koupili kr\u00e1sn\u00fd zahradn\u00ed sklen\u00edk. Koupili jsme ji takov\u00fd st\u0159edn\u00ed, aby nebyl opravdu velik\u00fd, ale aby nebyl ani z\u00e1rove\u0148 mal\u00fd.Proto\u017ee je babi\u010dka v\u00e1\u0161niv\u00e1 zahr\u00e1dk\u00e1\u0159ka a moc r\u00e1da p\u011bstuje zeleninu, tak by se j\u00ed hodil opravdu kr\u00e1sn\u00fd, st\u0159edn\u011b velik\u00fd zahradn\u00ed sklen\u00edk. Mysl\u00edm si, \u017ee pokud tak\u00e9 m\u00e1te v rodin\u011b n\u011bkoho, kdo je opravdu v\u00e1\u0161niv\u00fd zahr\u00e1dk\u00e1\u0159 a nem\u00e1 \u017e\u00e1dn\u00fd sklen\u00edk, tak doporu\u010duji, abyste se t\u0159eba slo\u017eili a obdarovali tohoto \u010dlov\u011bka, tohoto zahr\u00e1dk\u00e1\u0159e opravdu kr\u00e1sn\u00fdm zahradn\u00edm sklen\u00edkem. J\u00e1 sama jsem si \u0159\u00edkala, \u017ee kdy\u017e chci p\u0159\u00ed\u0161t\u00ed rok tak\u00e9 za\u010d\u00edt s t\u00edm, \u017ee budu p\u011bstovat raj\u010data a zeleninu, jako jsou papriky, \u017ee by se mi taky hodil n\u011bjak\u00fd kr\u00e1sn\u00fd zahradn\u00ed sklen\u00edk. Ov\u0161em ale mn\u011b by sta\u010dil n\u011bjak\u00fd mal\u00fd sklen\u00edk. Proto\u017ee toho nebudu m\u00edt zase moc. A kdybyste vid\u011bli babi\u010dku, jak ur\u010dit\u011b bude vyu\u017e\u00edvat sklen\u00edk, tak byste se chytali za hlavu. Ona toho m\u00e1 v\u00e1\u017en\u011b moc.                                                                                                                                                                                                                                                                                                                                                                                                   "},{"@context":"https:\/\/schema.org\/","@type":"BreadcrumbList","itemListElement":[{"@type":"ListItem","position":1,"name":"Nov\u00fd sklen\u00edk na zahradu","item":"https:\/\/www.urex.cz\/novy-sklenik-na-zahradu\/#breadcrumbitem"}]}]