[{"@context":"https:\/\/schema.org\/","@type":"Article","@id":"https:\/\/www.urex.cz\/proc-nekteri-lide-chteji-aby-se-spolecnost-vratila-do-minulosti\/#Article","mainEntityOfPage":"https:\/\/www.urex.cz\/proc-nekteri-lide-chteji-aby-se-spolecnost-vratila-do-minulosti\/","headline":"Pro\u010d n\u011bkte\u0159\u00ed lid\u00e9 cht\u011bj\u00ed, aby se spole\u010dnost vr\u00e1tila do minulosti","name":"Pro\u010d n\u011bkte\u0159\u00ed lid\u00e9 cht\u011bj\u00ed, aby se spole\u010dnost vr\u00e1tila do minulosti","description":"Na&Aring;&iexcl;e spole&Auml;nost se neust&Atilde;&iexcl;le vyv&Atilde;&shy;j&Atilde;&shy;. To je fakt, kter&Atilde;&copy;ho si v&Aring;&iexcl;imnul ka&Aring;&frac34;d&Atilde;&frac12; z&Acirc;&nbsp;n&Atilde;&iexcl;s. Pravdou v&Aring;&iexcl;ak je, &Aring;&frac34;e zdaleka ne ka&Aring;&frac34;d&Atilde;&frac12; je t&Atilde;&shy;mto v&Atilde;&frac12;vojem nad&Aring;&iexcl;en&Atilde;&frac12;. Zejm&Atilde;&copy;na u star&Aring;&iexcl;&Atilde;&shy; generace tak mnohdy m&Aring;&macr;&Aring;&frac34;ete sly&Aring;&iexcl;et, &Aring;&frac34;e by se nejrad&Auml;&#8250;ji vr&Atilde;&iexcl;tili do minulosti. A to i kdy&Aring;&frac34; jim &Aring;&#8482;eknete, co je dnes oproti tehdej&Aring;&iexcl;&Atilde;&shy; dob&Auml;&#8250; lep&Aring;&iexcl;&Atilde;&shy;. &Acirc;&nbsp; &Acirc;&nbsp; Toto [&hellip;]","datePublished":"2022-11-28","dateModified":"2023-09-28","author":{"@type":"Person","@id":"https:\/\/www.urex.cz\/author\/#Person","name":"","url":"https:\/\/www.urex.cz\/author\/","identifier":1,"image":{"@type":"ImageObject","@id":"https:\/\/secure.gravatar.com\/avatar\/232437c79d6ebbb41eb67b1526ce0bc08ee5047d6b1594dc05abcc3258d8e0b3?s=96&d=mm&r=g","url":"https:\/\/secure.gravatar.com\/avatar\/232437c79d6ebbb41eb67b1526ce0bc08ee5047d6b1594dc05abcc3258d8e0b3?s=96&d=mm&r=g","height":96,"width":96}},"publisher":{"@type":"Organization","name":"urex.cz","logo":{"@type":"ImageObject","@id":"\/logo.png","url":"\/logo.png","width":600,"height":60}},"image":{"@type":"ImageObject","@id":"https:\/\/www.urex.cz\/wp-content\/uploads\/minulost1.jpg","url":"https:\/\/www.urex.cz\/wp-content\/uploads\/minulost1.jpg","height":0,"width":0},"url":"https:\/\/www.urex.cz\/proc-nekteri-lide-chteji-aby-se-spolecnost-vratila-do-minulosti\/","about":["Spole\u010dnost"],"wordCount":844,"articleBody":"Na&Aring;&iexcl;e spole&Auml;nost se neust&Atilde;&iexcl;le vyv&Atilde;&shy;j&Atilde;&shy;. To je fakt, kter&Atilde;&copy;ho si v&Aring;&iexcl;imnul ka&Aring;&frac34;d&Atilde;&frac12; z&Acirc;&nbsp;n&Atilde;&iexcl;s. Pravdou v&Aring;&iexcl;ak je, &Aring;&frac34;e zdaleka ne ka&Aring;&frac34;d&Atilde;&frac12; je t&Atilde;&shy;mto v&Atilde;&frac12;vojem nad&Aring;&iexcl;en&Atilde;&frac12;. Zejm&Atilde;&copy;na u star&Aring;&iexcl;&Atilde;&shy; generace tak mnohdy m&Aring;&macr;&Aring;&frac34;ete sly&Aring;&iexcl;et, &Aring;&frac34;e by se nejrad&Auml;&#8250;ji vr&Atilde;&iexcl;tili do minulosti. A to i kdy&Aring;&frac34; jim &Aring;&#8482;eknete, co je dnes oproti tehdej&Aring;&iexcl;&Atilde;&shy; dob&Auml;&#8250; lep&Aring;&iexcl;&Atilde;&shy;.&Acirc;&nbsp;&Acirc;&nbsp;Toto samoz&Aring;&#8482;ejm&Auml;&#8250; nen&Atilde;&shy; &Aring;&frac34;&Atilde;&iexcl;dn&Atilde;&frac12; nov&Atilde;&frac12; jev. Ve skute&Auml;nosti je star&Atilde;&frac12; v&Acirc;&nbsp;podstat&Auml;&#8250; jako lidstvo samo, i kdy&Aring;&frac34; v&Acirc;&nbsp;minulosti nebyl tak siln&Atilde;&frac12;. To v&Aring;&iexcl;ak bylo p&Aring;&#8482;edev&Aring;&iexcl;&Atilde;&shy;m z&Acirc;&nbsp;toho d&Aring;&macr;vodu, &Aring;&frac34;e a&Aring;&frac34; do za&Auml;&Atilde;&iexcl;tku v&Auml;&#8250;decko-technick&Atilde;&copy; revoluce nedoch&Atilde;&iexcl;zelo k&Acirc;&nbsp;tak velk&Atilde;&frac12;m zm&Auml;&#8250;n&Atilde;&iexcl;m a tak rychle, jako je tomu nyn&Atilde;&shy;. A &Auml;&Atilde;&shy;m v&Auml;&#8250;t&Aring;&iexcl;&Atilde;&shy; jsou tyto zm&Auml;&#8250;ny, t&Atilde;&shy;m v&Auml;&#8250;t&Aring;&iexcl;&Atilde;&shy; je i touha po star&Atilde;&frac12;ch &Auml;asech.&Acirc;&nbsp;Ta souvis&Atilde;&shy; p&Aring;&#8482;edev&Aring;&iexcl;&Atilde;&shy;m s&Acirc;&nbsp;t&Atilde;&shy;m, &Aring;&frac34;e tehdej&Aring;&iexcl;&Atilde;&shy;mu sv&Auml;&#8250;tu rozum&Auml;&#8250;li a vyznali se v&Acirc;&nbsp;n&Auml;&#8250;m. Dnes maj&Atilde;&shy; pocit, &Aring;&frac34;e nam&Atilde;&shy;sto toho, aby byli jeho sou&Auml;&Atilde;&iexcl;st&Atilde;&shy;, sv&Auml;&#8250;t zkr&Atilde;&iexcl;tka jen plyne kolem nich, a oni s&Acirc;&nbsp;t&Atilde;&shy;m nemohou nic d&Auml;&#8250;lat. Modern&Atilde;&shy;m technologi&Atilde;&shy;m p&Aring;&#8482;&Atilde;&shy;li&Aring;&iexcl; nerozum&Atilde;&shy; a tak pro n&Auml;&#8250; nen&Atilde;&shy; snadn&Atilde;&copy; zapojit se do d&Auml;&#8250;n&Atilde;&shy;.&Acirc;&nbsp;&Acirc;&nbsp;Svou roli v&Acirc;&nbsp;tom hraje samoz&Aring;&#8482;ejm&Auml;&#8250; i nostalgie. D&Atilde;&shy;ky n&Atilde;&shy; se potla&Auml;uj&Atilde;&shy; ty &Aring;&iexcl;patn&Atilde;&copy; vzpom&Atilde;&shy;nky a z&Aring;&macr;st&Atilde;&iexcl;vaj&Atilde;&shy; jen ty dobr&Atilde;&copy;, p&Aring;&#8482;&Atilde;&shy;padn&Auml;&#8250; se i ty &Aring;&iexcl;patn&Atilde;&copy; vzpom&Atilde;&shy;nky st&Atilde;&iexcl;vaj&Atilde;&shy; dobr&Atilde;&frac12;mi. A tak si nevzpomenou na r&Aring;&macr;zn&Atilde;&copy; probl&Atilde;&copy;my, kter&Atilde;&copy; tehdy m&Auml;&#8250;li, ale jen na &Aring;&iexcl;&Aring;&yen;astn&Atilde;&copy; d&Auml;&#8250;tstv&Atilde;&shy;.&Acirc;&nbsp;Znamen&Atilde;&iexcl; to tedy, &Aring;&frac34;e je minulost skute&Auml;n&Auml;&#8250; lep&Aring;&iexcl;&Atilde;&shy;? Nikoliv. V&Acirc;&nbsp;podstat&Auml;&#8250; by se dalo, a&Aring;&frac34; na n&Auml;&#8250;kolik v&Atilde;&frac12;jimek, tvrdit, &Aring;&frac34;e &Aring;&frac34;&Atilde;&iexcl;dn&Atilde;&iexcl; doba nen&Atilde;&shy; ve sv&Atilde;&copy; podstat&Auml;&#8250; lep&Aring;&iexcl;&Atilde;&shy; &Auml;i hor&Aring;&iexcl;&Atilde;&shy; ne&Aring;&frac34; jin&Atilde;&iexcl;. Ano, m&Aring;&macr;&Aring;&frac34;eme je porovn&Atilde;&iexcl;vat ukazateli jako nap&Aring;&#8482;&Atilde;&shy;klad HDP a dal&Aring;&iexcl;&Atilde;&shy;mi, av&Aring;&iexcl;ak ty n&Atilde;&iexcl;m ne&Aring;&#8482;eknou, jak se lid&Atilde;&copy; v&Acirc;&nbsp;t&Atilde;&copy; dob&Auml;&#8250; skute&Auml;n&Auml;&#8250; c&Atilde;&shy;tili, a o to tu jde p&Aring;&#8482;edev&Aring;&iexcl;&Atilde;&shy;m.&Acirc;&nbsp;Takov&Atilde;&iexcl;to nostalgie v&Aring;&iexcl;ak m&Aring;&macr;&Aring;&frac34;e b&Atilde;&frac12;t i nebezpe&Auml;n&Atilde;&iexcl;. Pokud tou&Aring;&frac34;&Atilde;&shy;me po vr&Atilde;&iexcl;cen&Atilde;&shy; &acirc;&#8364;&#382;star&Atilde;&frac12;ch zlat&Atilde;&frac12;ch &Auml;as&Aring;&macr;&acirc;&#8364;&#339;, m&Auml;&#8250;li bychom si uv&Auml;&#8250;domit, &Aring;&frac34;e mo&Aring;&frac34;n&Atilde;&iexcl; tak zlat&Atilde;&copy; ani nebyly, jen na&Aring;&iexcl;e mysl si je tak p&Aring;&#8482;etvo&Aring;&#8482;ila. Pokud se na minulost toti&Aring;&frac34; budeme d&Atilde;&shy;vat nekriticky, m&Aring;&macr;&Aring;&frac34;eme snadno opakovat tehdej&Aring;&iexcl;&Atilde;&shy; chyby. A to nikdo z&Acirc;&nbsp;n&Atilde;&iexcl;s v&Acirc;&nbsp;&Aring;&frac34;&Atilde;&iexcl;dn&Atilde;&copy;m p&Aring;&#8482;&Atilde;&shy;pad&Auml;&#8250; nechce.                                                                                                                                                                                                                                                                                                                                                                                                "},{"@context":"https:\/\/schema.org\/","@type":"BreadcrumbList","itemListElement":[{"@type":"ListItem","position":1,"name":"Pro\u010d n\u011bkte\u0159\u00ed lid\u00e9 cht\u011bj\u00ed, aby se spole\u010dnost vr\u00e1tila do minulosti","item":"https:\/\/www.urex.cz\/proc-nekteri-lide-chteji-aby-se-spolecnost-vratila-do-minulosti\/#breadcrumbitem"}]}]