[{"@context":"https:\/\/schema.org\/","@type":"Article","@id":"https:\/\/www.urex.cz\/zateplene-obydli\/#Article","mainEntityOfPage":"https:\/\/www.urex.cz\/zateplene-obydli\/","headline":"Zateplen\u00e9 obydl\u00ed","name":"Zateplen\u00e9 obydl\u00ed","description":"J\u00e1 v\u00edm, \u017ee se teprve tepl\u00e9 jaro a bude l\u00e9to. Bude opravdu kr\u00e1sn\u00e9 po\u010das\u00ed, ale tak\u00e9 u\u017e m\u016f\u017eete samoz\u0159ejm\u011b p\u0159em\u00fd\u0161let na podzim, kdy se bude zateplovat obydl\u00ed a podobn\u011b. Nev\u00edm jak vy, ale u n\u00e1s doma se zateplovalo, kdy\u017e byl podzim. Proto\u017ee jsem tak\u00e9 na to nem\u011bla samoz\u0159ejm\u011b pen\u00edze a musela jsem si p\u0159es l\u00e9to [&hellip;]","datePublished":"2024-03-22","dateModified":"2024-04-22","author":{"@type":"Person","@id":"https:\/\/www.urex.cz\/author\/#Person","name":"","url":"https:\/\/www.urex.cz\/author\/","identifier":1,"image":{"@type":"ImageObject","@id":"https:\/\/secure.gravatar.com\/avatar\/232437c79d6ebbb41eb67b1526ce0bc08ee5047d6b1594dc05abcc3258d8e0b3?s=96&d=mm&r=g","url":"https:\/\/secure.gravatar.com\/avatar\/232437c79d6ebbb41eb67b1526ce0bc08ee5047d6b1594dc05abcc3258d8e0b3?s=96&d=mm&r=g","height":96,"width":96}},"publisher":{"@type":"Organization","name":"urex.cz","logo":{"@type":"ImageObject","@id":"\/logo.png","url":"\/logo.png","width":600,"height":60}},"image":{"@type":"ImageObject","@id":"https:\/\/www.urex.cz\/wp-content\/uploads\/styrofoam-19493_960_720.jpg","url":"https:\/\/www.urex.cz\/wp-content\/uploads\/styrofoam-19493_960_720.jpg","height":0,"width":0},"url":"https:\/\/www.urex.cz\/zateplene-obydli\/","about":["Zbo\u017e\u00ed"],"wordCount":430,"articleBody":"   J\u00e1 v\u00edm, \u017ee se teprve tepl\u00e9 jaro a bude l\u00e9to. Bude opravdu kr\u00e1sn\u00e9 po\u010das\u00ed, ale tak\u00e9 u\u017e m\u016f\u017eete samoz\u0159ejm\u011b p\u0159em\u00fd\u0161let na podzim, kdy se bude zateplovat obydl\u00ed a podobn\u011b. Nev\u00edm jak vy, ale u n\u00e1s doma se zateplovalo, kdy\u017e byl podzim. Proto\u017ee jsem tak\u00e9 na to nem\u011bla samoz\u0159ejm\u011b pen\u00edze a musela jsem si p\u0159es l\u00e9to na brig\u00e1d\u011b na\u0161et\u0159it. V\u0161ichni v\u00edme, \u017ee zateplov\u00e1n\u00ed dom\u016f je opravdu nejenom hodn\u011b finan\u010dn\u011b n\u00e1ro\u010dn\u00e9, ale tak\u00e9 \u010dasov\u011b n\u00e1ro\u010dn\u00e9. A j\u00e1 to m\u00e1m tak, \u017ee vlastn\u011b pr\u00e1ci mi ud\u011bl\u00e1 moje rodina. My v rodin\u011b m\u00e1me mu\u017ee, kte\u0159\u00ed um\u00ed v\u0161ichni n\u011bjak\u00e9 \u0159emeslo. V\u0161ichni maj\u00ed takov\u00e9 vyu\u010den\u00ed, kter\u00e9 se v\u017edycky hod\u00ed.T\u0159eba topen\u00e1\u0159e nebo instalat\u00e9ra. A tak\u00e9 jeden bratranec pr\u00e1v\u011b um\u00ed d\u011blat zateplov\u00e1n\u00ed, proto\u017ee v tom je \u0161kolen\u00fd a v\u0161echno to um\u00ed. Polystyrenov\u00e9 obklady jsou velice pot\u0159ebn\u00e9. Pokud chcete n\u011bco zateplit, mysl\u00edm si, \u017ee asi budete v\u011bd\u011bt, jak funguje polystyren. Kdy\u017e budete m\u00edt t\u0159eba n\u011bjakou m\u00edstnost anebo cel\u00fd d\u016fm zateplen\u00fd polystyrenem, nap\u0159\u00edklad polystyrenov\u00fdmi obklady, tak samoz\u0159ejm\u011b to potom dopadne tak, \u017ee se v\u00e1m doma v\u00edce udr\u017e\u00ed teplo. Polystyrenov\u00e9 obklady ale tak\u00e9 m\u016f\u017eete vyu\u017e\u00edt \u00fapln\u011b jinak. T\u0159eba tak, \u017ee t\u00edm n\u011bco vypln\u00edte. Ur\u010dit\u011b jste si n\u011bkdy u\u017e kupovali televizi. A kdy\u017e v\u00e1m p\u0159ijde televize, tak vlastn\u011b ta televize je ohrani\u010den\u00e1 takov\u00fdmi polystyrenov\u00fdmi obklady. A to znamen\u00e1, aby se v\u00e1m televize neponi\u010dila. Mysl\u00edm si, \u017ee asi kdyby v\u00e1m to n\u011bkde spadlo z prvn\u00edho patra, tak ani polystyrenov\u00e9 obklady nepomohou, ale pokud se t\u0159eba krabice od televize n\u011bkde \u0165ukne a podobn\u011b, tak polystyr\u00e9nov\u00e9 obklady samoz\u0159ejm\u011b pomohou. S t\u00edmhle m\u00e1m u\u017e tak\u00e9 zku\u0161enosti. Polystyren a dal\u0161\u00ed polystyrenov\u00e9 obklady se\u017eenete na webov\u00e9 str\u00e1nce eshop.sepas.cz, kde je tak\u00e9 fas\u00e1dn\u00ed polystyren. A fas\u00e1dn\u00ed polystyren m\u00e1m pr\u00e1v\u011b doma u\u017e dva roky, ale chyst\u00e1m se je\u0161t\u011b zateplovat dal\u0161\u00ed stranu domu. Uvid\u00edm, jak to bude, a hlavn\u011b tak\u00e9 douf\u00e1m, \u017ee mi to finan\u010dn\u011b vyjde. I kdy\u017e m\u00e1m zam\u011bstn\u00e1n\u00ed a nyn\u00ed budu m\u00edt p\u0159es l\u00e9to brig\u00e1du, tak i tak jsem cht\u011bla, aby mi i n\u011bjak\u00e9 pen\u00edze z brig\u00e1dy zbyly.                                                                                                                                                                                                                                                                                                                                                                                                   "},{"@context":"https:\/\/schema.org\/","@type":"BreadcrumbList","itemListElement":[{"@type":"ListItem","position":1,"name":"Zateplen\u00e9 obydl\u00ed","item":"https:\/\/www.urex.cz\/zateplene-obydli\/#breadcrumbitem"}]}]